{"id":30677,"date":"2025-12-09T13:28:05","date_gmt":"2025-12-09T13:28:05","guid":{"rendered":"https:\/\/proalps.ch\/abschied-rola\/"},"modified":"2025-12-09T13:56:58","modified_gmt":"2025-12-09T13:56:58","slug":"cp-suppression-de-la-chaussee-roulante","status":"publish","type":"post","link":"https:\/\/proalps.ch\/fr\/cp-suppression-de-la-chaussee-roulante\/","title":{"rendered":"Suppression de la chauss\u00e9e roulante : un pas en arri\u00e8re pour les Alpes"},"content":{"rendered":"","protected":false},"excerpt":{"rendered":"","protected":false},"author":27,"featured_media":0,"comment_status":"closed","ping_status":"open","sticky":false,"template":"","format":"standard","meta":{"_acf_changed":false,"_seopress_robots_primary_cat":"none","_seopress_titles_title":"Suppression de la chauss\u00e9e roulante : un pas en arri\u00e8re pour les Alpes","_seopress_titles_desc":"Fin pr\u00e9matur\u00e9e de la chauss\u00e9e roulante (CR) : pr\u00e8s d\u2019un million de camions traverseront bient\u00f4t l\u2019espace alpin.","_seopress_robots_index":"","footnotes":""},"categories":[97,111],"tags":[],"wf_post_folders":[],"class_list":["post-30677","post","type-post","status-publish","format-standard","hentry","category-communique-de-presse","category-transfert"],"acf":[],"_links":{"self":[{"href":"https:\/\/proalps.ch\/fr\/wp-json\/wp\/v2\/posts\/30677","targetHints":{"allow":["GET"]}}],"collection":[{"href":"https:\/\/proalps.ch\/fr\/wp-json\/wp\/v2\/posts"}],"about":[{"href":"https:\/\/proalps.ch\/fr\/wp-json\/wp\/v2\/types\/post"}],"author":[{"embeddable":true,"href":"https:\/\/proalps.ch\/fr\/wp-json\/wp\/v2\/users\/27"}],"replies":[{"embeddable":true,"href":"https:\/\/proalps.ch\/fr\/wp-json\/wp\/v2\/comments?post=30677"}],"version-history":[{"count":2,"href":"https:\/\/proalps.ch\/fr\/wp-json\/wp\/v2\/posts\/30677\/revisions"}],"predecessor-version":[{"id":30683,"href":"https:\/\/proalps.ch\/fr\/wp-json\/wp\/v2\/posts\/30677\/revisions\/30683"}],"wp:attachment":[{"href":"https:\/\/proalps.ch\/fr\/wp-json\/wp\/v2\/media?parent=30677"}],"wp:term":[{"taxonomy":"category","embeddable":true,"href":"https:\/\/proalps.ch\/fr\/wp-json\/wp\/v2\/categories?post=30677"},{"taxonomy":"post_tag","embeddable":true,"href":"https:\/\/proalps.ch\/fr\/wp-json\/wp\/v2\/tags?post=30677"},{"taxonomy":"wf_post_folders","embeddable":true,"href":"https:\/\/proalps.ch\/fr\/wp-json\/wp\/v2\/wf_post_folders?post=30677"}],"curies":[{"name":"wp","href":"https:\/\/api.w.org\/{rel}","templated":true}]}}