{"id":31220,"date":"2026-01-13T16:07:08","date_gmt":"2026-01-13T16:07:08","guid":{"rendered":"https:\/\/proalps.ch\/?p=31220"},"modified":"2026-01-13T16:07:08","modified_gmt":"2026-01-13T16:07:08","slug":"la-commission-des-transports-du-conseil-des-etats-confirme-son-engagement-en-faveur-du-transfert","status":"publish","type":"post","link":"https:\/\/proalps.ch\/fr\/la-commission-des-transports-du-conseil-des-etats-confirme-son-engagement-en-faveur-du-transfert\/","title":{"rendered":"La commission des transports du Conseil des \u00c9tats confirme son engagement en faveur du transfert"},"content":{"rendered":"","protected":false},"excerpt":{"rendered":"","protected":false},"author":27,"featured_media":0,"comment_status":"closed","ping_status":"open","sticky":false,"template":"","format":"standard","meta":{"_acf_changed":false,"_seopress_robots_primary_cat":"none","_seopress_titles_title":"La commission des transports du Conseil des \u00c9tats confirme son engagement en faveur du transfert","_seopress_titles_desc":"Un signal fort pour la protection des Alpes\u00a0: la Commission des transports du Conseil des \u00c9tats (CTT-E) veut garantir la promotion du transport combin\u00e9 non accompagn\u00e9 (TCNA) au-del\u00e0 de 2030.","_seopress_robots_index":"","footnotes":""},"categories":[201,206],"tags":[],"wf_post_folders":[],"class_list":["post-31220","post","type-post","status-publish","format-standard","hentry","category-actualite","category-mitteilung-fr"],"acf":[],"_links":{"self":[{"href":"https:\/\/proalps.ch\/fr\/wp-json\/wp\/v2\/posts\/31220","targetHints":{"allow":["GET"]}}],"collection":[{"href":"https:\/\/proalps.ch\/fr\/wp-json\/wp\/v2\/posts"}],"about":[{"href":"https:\/\/proalps.ch\/fr\/wp-json\/wp\/v2\/types\/post"}],"author":[{"embeddable":true,"href":"https:\/\/proalps.ch\/fr\/wp-json\/wp\/v2\/users\/27"}],"replies":[{"embeddable":true,"href":"https:\/\/proalps.ch\/fr\/wp-json\/wp\/v2\/comments?post=31220"}],"version-history":[{"count":2,"href":"https:\/\/proalps.ch\/fr\/wp-json\/wp\/v2\/posts\/31220\/revisions"}],"predecessor-version":[{"id":31228,"href":"https:\/\/proalps.ch\/fr\/wp-json\/wp\/v2\/posts\/31220\/revisions\/31228"}],"wp:attachment":[{"href":"https:\/\/proalps.ch\/fr\/wp-json\/wp\/v2\/media?parent=31220"}],"wp:term":[{"taxonomy":"category","embeddable":true,"href":"https:\/\/proalps.ch\/fr\/wp-json\/wp\/v2\/categories?post=31220"},{"taxonomy":"post_tag","embeddable":true,"href":"https:\/\/proalps.ch\/fr\/wp-json\/wp\/v2\/tags?post=31220"},{"taxonomy":"wf_post_folders","embeddable":true,"href":"https:\/\/proalps.ch\/fr\/wp-json\/wp\/v2\/wf_post_folders?post=31220"}],"curies":[{"name":"wp","href":"https:\/\/api.w.org\/{rel}","templated":true}]}}