{"id":32153,"date":"2026-03-11T17:33:26","date_gmt":"2026-03-11T17:33:26","guid":{"rendered":"https:\/\/proalps.ch\/?p=32153"},"modified":"2026-03-12T08:49:40","modified_gmt":"2026-03-12T08:49:40","slug":"le-conseil-des-etats-maintient-sa-politique-de-transfert-modal","status":"publish","type":"post","link":"https:\/\/proalps.ch\/fr\/le-conseil-des-etats-maintient-sa-politique-de-transfert-modal\/","title":{"rendered":"Le Conseil des \u00c9tats maintient sa politique de transfert modal"},"content":{"rendered":"","protected":false},"excerpt":{"rendered":"","protected":false},"author":41,"featured_media":0,"comment_status":"closed","ping_status":"open","sticky":false,"template":"","format":"standard","meta":{"_acf_changed":false,"_seopress_robots_primary_cat":"none","_seopress_titles_title":"Le Conseil des \u00c9tats maintient sa politique de transfert modal","_seopress_titles_desc":"Le Conseil des \u00c9tats souhaite maintenir les contributions d'exploitation pour le trafic combin\u00e9 transalpin au-del\u00e0 de 2030. Le Conseil f\u00e9d\u00e9ral doit utiliser les fonds lib\u00e9r\u00e9s par la chauss\u00e9e roulante pour mettre en place des mesures d'all\u00e8gement \u00e0 court terme.","_seopress_robots_index":"","footnotes":""},"categories":[201,111],"tags":[],"wf_post_folders":[],"class_list":["post-32153","post","type-post","status-publish","format-standard","hentry","category-actualite","category-transfert"],"acf":[],"_links":{"self":[{"href":"https:\/\/proalps.ch\/fr\/wp-json\/wp\/v2\/posts\/32153","targetHints":{"allow":["GET"]}}],"collection":[{"href":"https:\/\/proalps.ch\/fr\/wp-json\/wp\/v2\/posts"}],"about":[{"href":"https:\/\/proalps.ch\/fr\/wp-json\/wp\/v2\/types\/post"}],"author":[{"embeddable":true,"href":"https:\/\/proalps.ch\/fr\/wp-json\/wp\/v2\/users\/41"}],"replies":[{"embeddable":true,"href":"https:\/\/proalps.ch\/fr\/wp-json\/wp\/v2\/comments?post=32153"}],"version-history":[{"count":2,"href":"https:\/\/proalps.ch\/fr\/wp-json\/wp\/v2\/posts\/32153\/revisions"}],"predecessor-version":[{"id":32157,"href":"https:\/\/proalps.ch\/fr\/wp-json\/wp\/v2\/posts\/32153\/revisions\/32157"}],"wp:attachment":[{"href":"https:\/\/proalps.ch\/fr\/wp-json\/wp\/v2\/media?parent=32153"}],"wp:term":[{"taxonomy":"category","embeddable":true,"href":"https:\/\/proalps.ch\/fr\/wp-json\/wp\/v2\/categories?post=32153"},{"taxonomy":"post_tag","embeddable":true,"href":"https:\/\/proalps.ch\/fr\/wp-json\/wp\/v2\/tags?post=32153"},{"taxonomy":"wf_post_folders","embeddable":true,"href":"https:\/\/proalps.ch\/fr\/wp-json\/wp\/v2\/wf_post_folders?post=32153"}],"curies":[{"name":"wp","href":"https:\/\/api.w.org\/{rel}","templated":true}]}}